{"id":10188,"date":"2022-05-05T22:47:25","date_gmt":"2022-05-06T04:47:25","guid":{"rendered":"https:\/\/codigonayar.com\/?p=10188"},"modified":"2022-05-05T22:47:28","modified_gmt":"2022-05-06T04:47:28","slug":"vinculadas-a-proceso-madre-e-hija","status":"publish","type":"post","link":"https:\/\/codigonayar.com\/index.php\/2022\/05\/05\/vinculadas-a-proceso-madre-e-hija\/","title":{"rendered":"VINCULADAS A PROCESO MADRE E HIJA"},"content":{"rendered":"\n<p class=\"has-medium-font-size\">por homicidio de menor en Del Nayar<\/p>\n\n\n\n<p><strong>CN-1<\/strong><\/p>\n\n\n\n<p>La Fiscal\u00eda General del estado de Nayarit a trav\u00e9s de la Agencia del Ministerio P\u00fablico de Jes\u00fas Mar\u00eda, municipio Del Nayar, obtuvo de un Juez de Control el auto de vinculaci\u00f3n a proceso contra Bernarda \u201cN\u201d y Elida \u201cN\u201d, quienes fueron aprehendidas por su probable participaci\u00f3n en hechos que para la ley constituyen los delitos de homicidio intencional simple y lesiones calificadas; el primer il\u00edcito en agravio de una menor de edad, en tanto el segundo delito fue cometido en agravio de una persona de sexo femenino, v\u00edctimas cuyas identidades son reservadas.<\/p>\n\n\n\n<p>Derivado de las indagatorias a este respecto, se precisa que los hechos ocurrieron el pasado 12 de junio de 2021 en la localidad Arroyo de Capomo, municipio Del Nayar, cuando la v\u00edctima se encontraba lavando en un ojo de agua con su menor hija de 7 meses de edad -la cual llevaba en su espalda sujeta con un rebozo-, cuando arrib\u00f3 al lugar Bernarda \u201cN\u201d y dijo a la afectada que no agarrara agua del ojo de agua porque la ensuciar\u00eda, manifestando la ofendida que necesitaba el agua al igual que todos, a lo cual respondi\u00f3 la imputada: \u201cT\u00fa no entiendes, ya no te la voy a dejar pasar\u201d. Enseguida la comenz\u00f3 a golpear en la cabeza y cara con sus pu\u00f1os, ello a pesar de que la v\u00edctima le pidi\u00f3 que se calmara, pues ella tra\u00eda a su beb\u00e9 en la espalda, pero Bernarda \u201cN\u201d sigui\u00f3 golpe\u00e1ndola y forcejeando con la ofendida.<\/p>\n\n\n\n<p>En el momento en que Bernarda \u201cN\u201d jalaba de los cabellos a la v\u00edctima, agach\u00e1ndola, lleg\u00f3 al lugar Elida \u201cN\u201d -hija de la primera-, quien tomando un palo de madera golpe\u00f3 con \u00e9l en la nuca a la joven madre, caus\u00e1ndole una herida y provocando que se desvaneciera. Al escuchar el llanto de la beb\u00e9, entre risas, las agresoras se alejaron del lugar. La ofendida, una vez que se recuper\u00f3 del golpe recibido, revis\u00f3 a su beb\u00e9 y se percat\u00f3 que no reaccionaba, por lo que r\u00e1pidamente fue a buscar a su esposo a quien cont\u00f3 lo sucedido y r\u00e1pidamente llevaron a la peque\u00f1a al hospital del poblado Jes\u00fas Mar\u00eda, donde les informaron que no contaba con signos de vida.<\/p>\n","protected":false},"excerpt":{"rendered":"<p>por homicidio de menor en Del Nayar CN-1 La Fiscal\u00eda General del estado de Nayarit a trav\u00e9s de la Agencia del Ministerio P\u00fablico de<\/p>\n","protected":false},"author":3,"featured_media":10189,"comment_status":"closed","ping_status":"closed","sticky":false,"template":"","format":"standard","meta":{"_jetpack_memberships_contains_paid_content":false,"footnotes":"","jetpack_publicize_message":"","jetpack_publicize_feature_enabled":true,"jetpack_social_post_already_shared":true,"jetpack_social_options":{"image_generator_settings":{"template":"highway","default_image_id":0,"font":"","enabled":false},"version":2}},"categories":[14,4],"tags":[],"class_list":["post-10188","post","type-post","status-publish","format-standard","has-post-thumbnail","hentry","category-codigo-rojo","category-principal"],"jetpack_publicize_connections":[],"jetpack_featured_media_url":"https:\/\/codigonayar.com\/wp-content\/uploads\/2022\/05\/2VINCULADAS-A-PROCESO-MADRE-E-HIJA-POR-HOMICIDIO-DE-MENOR-EN-DEL-NAYAR.jpg","jetpack_sharing_enabled":true,"jetpack_likes_enabled":false,"jetpack_shortlink":"https:\/\/wp.me\/pdgu6N-2Ek","_links":{"self":[{"href":"https:\/\/codigonayar.com\/index.php\/wp-json\/wp\/v2\/posts\/10188","targetHints":{"allow":["GET"]}}],"collection":[{"href":"https:\/\/codigonayar.com\/index.php\/wp-json\/wp\/v2\/posts"}],"about":[{"href":"https:\/\/codigonayar.com\/index.php\/wp-json\/wp\/v2\/types\/post"}],"author":[{"embeddable":true,"href":"https:\/\/codigonayar.com\/index.php\/wp-json\/wp\/v2\/users\/3"}],"replies":[{"embeddable":true,"href":"https:\/\/codigonayar.com\/index.php\/wp-json\/wp\/v2\/comments?post=10188"}],"version-history":[{"count":1,"href":"https:\/\/codigonayar.com\/index.php\/wp-json\/wp\/v2\/posts\/10188\/revisions"}],"predecessor-version":[{"id":10190,"href":"https:\/\/codigonayar.com\/index.php\/wp-json\/wp\/v2\/posts\/10188\/revisions\/10190"}],"wp:featuredmedia":[{"embeddable":true,"href":"https:\/\/codigonayar.com\/index.php\/wp-json\/wp\/v2\/media\/10189"}],"wp:attachment":[{"href":"https:\/\/codigonayar.com\/index.php\/wp-json\/wp\/v2\/media?parent=10188"}],"wp:term":[{"taxonomy":"category","embeddable":true,"href":"https:\/\/codigonayar.com\/index.php\/wp-json\/wp\/v2\/categories?post=10188"},{"taxonomy":"post_tag","embeddable":true,"href":"https:\/\/codigonayar.com\/index.php\/wp-json\/wp\/v2\/tags?post=10188"}],"curies":[{"name":"wp","href":"https:\/\/api.w.org\/{rel}","templated":true}]}}