{"id":3624,"date":"2021-07-28T23:22:06","date_gmt":"2021-07-29T05:22:06","guid":{"rendered":"https:\/\/codigonayar.com\/?p=3624"},"modified":"2021-07-29T12:20:24","modified_gmt":"2021-07-29T18:20:24","slug":"inculado-a-proceso-policia-municipal-de-compostela","status":"publish","type":"post","link":"https:\/\/codigonayar.com\/index.php\/2021\/07\/28\/inculado-a-proceso-policia-municipal-de-compostela\/","title":{"rendered":"VINCULADO A PROCESO POLIC\u00cdA MUNICIPAL DE COMPOSTELA"},"content":{"rendered":"\n<p class=\"has-medium-font-size\">Se le imputan los delitos de robo calificado y tortura A <strong>Margarito \u201cN\u201d<\/strong><\/p>\n\n\n\n<p><strong>Redacci\u00f3n CN-1<\/strong><\/p>\n\n\n\n<p>Tepic.- La Fiscal\u00eda General del Estado realiz\u00f3 formal imputaci\u00f3n contra <strong>Margarito \u201cN\u201d<\/strong>, quien se desempe\u00f1aba como elemento en activo de la polic\u00eda municipal de Compostela, por su presunta responsabilidad penal en la comisi\u00f3n de los delitos de robo calificado y tortura, los cuales se cometieron en agravio de una persona de sexo masculino cuya identidad es reservada.<\/p>\n\n\n\n<p>Los hechos respecto de este caso se registraron en el mes de noviembre del a\u00f1o 2020, cuando el ofendido caminaba por calles del Centro de la cabecera municipal de Compostela, siendo interceptado por elementos de la Direcci\u00f3n de Seguridad P\u00fablica Municipal, y el ahora imputado y otras personas lo sometieron por medio de golpes, caus\u00e1ndole diversas lesiones en cuello y cara para despojarlo de varios objetos de su propiedad y efectivo que portaba producto de su jornada laboral, tras lo cual fue llevado a las celdas de dicha corporaci\u00f3n donde presuntivamente fue objeto de tortura por parte del inculpado y sus c\u00f3mplices a\u00fan no identificados, quienes lo internaron en una celda deliberadamente mojada -sujeto de pies y manos con cinta-, permaneciendo en el piso toda la noche, hasta que un pariente acudi\u00f3 al d\u00eda siguiente a liberarlo, para lo cual le exigieron el pago de una multa administrativa.<\/p>\n\n\n\n<p>El Agente del Ministerio P\u00fablico reuni\u00f3 los datos de prueba y los present\u00f3 ante el Juez de Control, quien los consider\u00f3 pertinentes y dict\u00f3 la vinculaci\u00f3n a proceso de <strong>Margarito \u201cN\u201d<\/strong>, por los delitos de robo calificado y tortura. Asimismo, le impuso como medida cautelar la prisi\u00f3n preventiva y se estableci\u00f3 el plazo de dos meses para el cierre de la investigaci\u00f3n complementaria.<\/p>\n","protected":false},"excerpt":{"rendered":"<p>Se le imputan los delitos de robo calificado y tortura A Margarito \u201cN\u201d Redacci\u00f3n CN-1 Tepic.- La Fiscal\u00eda General del Estado realiz\u00f3 formal imputaci\u00f3n<\/p>\n","protected":false},"author":3,"featured_media":3625,"comment_status":"closed","ping_status":"closed","sticky":false,"template":"","format":"standard","meta":{"_jetpack_memberships_contains_paid_content":false,"footnotes":"","jetpack_publicize_message":"","jetpack_publicize_feature_enabled":true,"jetpack_social_post_already_shared":false,"jetpack_social_options":{"image_generator_settings":{"template":"highway","default_image_id":0,"font":"","enabled":false},"version":2}},"categories":[14],"tags":[],"class_list":["post-3624","post","type-post","status-publish","format-standard","has-post-thumbnail","hentry","category-codigo-rojo"],"jetpack_publicize_connections":[],"jetpack_featured_media_url":"https:\/\/codigonayar.com\/wp-content\/uploads\/2021\/07\/margarito.jpeg","jetpack_sharing_enabled":true,"jetpack_likes_enabled":false,"jetpack_shortlink":"https:\/\/wp.me\/pdgu6N-Ws","_links":{"self":[{"href":"https:\/\/codigonayar.com\/index.php\/wp-json\/wp\/v2\/posts\/3624","targetHints":{"allow":["GET"]}}],"collection":[{"href":"https:\/\/codigonayar.com\/index.php\/wp-json\/wp\/v2\/posts"}],"about":[{"href":"https:\/\/codigonayar.com\/index.php\/wp-json\/wp\/v2\/types\/post"}],"author":[{"embeddable":true,"href":"https:\/\/codigonayar.com\/index.php\/wp-json\/wp\/v2\/users\/3"}],"replies":[{"embeddable":true,"href":"https:\/\/codigonayar.com\/index.php\/wp-json\/wp\/v2\/comments?post=3624"}],"version-history":[{"count":3,"href":"https:\/\/codigonayar.com\/index.php\/wp-json\/wp\/v2\/posts\/3624\/revisions"}],"predecessor-version":[{"id":3629,"href":"https:\/\/codigonayar.com\/index.php\/wp-json\/wp\/v2\/posts\/3624\/revisions\/3629"}],"wp:featuredmedia":[{"embeddable":true,"href":"https:\/\/codigonayar.com\/index.php\/wp-json\/wp\/v2\/media\/3625"}],"wp:attachment":[{"href":"https:\/\/codigonayar.com\/index.php\/wp-json\/wp\/v2\/media?parent=3624"}],"wp:term":[{"taxonomy":"category","embeddable":true,"href":"https:\/\/codigonayar.com\/index.php\/wp-json\/wp\/v2\/categories?post=3624"},{"taxonomy":"post_tag","embeddable":true,"href":"https:\/\/codigonayar.com\/index.php\/wp-json\/wp\/v2\/tags?post=3624"}],"curies":[{"name":"wp","href":"https:\/\/api.w.org\/{rel}","templated":true}]}}