{"id":4546,"date":"2021-08-16T23:41:51","date_gmt":"2021-08-17T05:41:51","guid":{"rendered":"https:\/\/codigonayar.com\/?p=4546"},"modified":"2021-08-16T23:41:53","modified_gmt":"2021-08-17T05:41:53","slug":"ranger-rover-devorada-por-el-fuego","status":"publish","type":"post","link":"https:\/\/codigonayar.com\/index.php\/2021\/08\/16\/ranger-rover-devorada-por-el-fuego\/","title":{"rendered":"RANGER ROVER DEVORADA POR EL FUEGO"},"content":{"rendered":"\n<p class=\"has-medium-font-size\">Por la autopista altura de Ixtl\u00e1n del R\u00edo<\/p>\n\n\n\n<p><strong>Redacci\u00f3n CN-1<\/strong><\/p>\n\n\n\n<p>Se reporta a la l\u00ednea de emergencias 911, un veh\u00edculo incendi\u00e1ndose sobre la autopista Tepic- Guadalajara, kil\u00f3metro 117, a la altura del municipio de Ixtl\u00e1n del R\u00edo.<\/p>\n\n\n\n<p>Al arribo, la propietaria manifest\u00f3 que se encontraba circulando en un veh\u00edculo tipo Ranger Rover, modelo 2015, color negro, del estado de Coahuila, mismo que comenzara a incendiarse, por lo que ella descendi\u00f3 inmediatamente del veh\u00edculo y dio parte a las autoridades.<\/p>\n\n\n\n<p>Elementos de Protecci\u00f3n Ciudadana y Bomberos acudieron al lugar para comenzar con las labores de sofocaci\u00f3n, quedando \u00fanicamente en p\u00e9rdidas materiales.<\/p>\n\n\n\n<p>Se recomienda a la ciudadan\u00eda manejar con precauci\u00f3n, respetar los se\u00f1alamientos carreteros y verificar los niveles de sus veh\u00edculos.<\/p>\n\n\n\n<div class=\"wp-block-jetpack-tiled-gallery aligncenter is-style-rectangular\"><div class=\"tiled-gallery__gallery\"><div class=\"tiled-gallery__row\"><div class=\"tiled-gallery__col\" style=\"flex-basis:33.33333%\"><figure class=\"tiled-gallery__item\"><img decoding=\"async\" srcset=\"https:\/\/i1.wp.com\/codigonayar.com\/wp-content\/uploads\/2021\/08\/ixtlanacc4.jpg?strip=info&#038;w=600&#038;ssl=1 600w,https:\/\/i1.wp.com\/codigonayar.com\/wp-content\/uploads\/2021\/08\/ixtlanacc4.jpg?strip=info&#038;w=720&#038;ssl=1 720w\" alt=\"\" data-height=\"960\" data-id=\"4545\" data-link=\"https:\/\/codigonayar.com\/ixtlanacc4\/\" data-url=\"https:\/\/codigonayar.com\/wp-content\/uploads\/2021\/08\/ixtlanacc4.jpg\" data-width=\"720\" src=\"https:\/\/i1.wp.com\/codigonayar.com\/wp-content\/uploads\/2021\/08\/ixtlanacc4.jpg?ssl=1\" data-amp-layout=\"responsive\"\/><\/figure><\/div><div class=\"tiled-gallery__col\" style=\"flex-basis:33.33333%\"><figure class=\"tiled-gallery__item\"><img decoding=\"async\" srcset=\"https:\/\/i2.wp.com\/codigonayar.com\/wp-content\/uploads\/2021\/08\/ixtlanacc2.jpg?strip=info&#038;w=600&#038;ssl=1 600w,https:\/\/i2.wp.com\/codigonayar.com\/wp-content\/uploads\/2021\/08\/ixtlanacc2.jpg?strip=info&#038;w=720&#038;ssl=1 720w\" alt=\"\" data-height=\"960\" data-id=\"4543\" data-link=\"https:\/\/codigonayar.com\/ixtlanacc2\/\" data-url=\"https:\/\/codigonayar.com\/wp-content\/uploads\/2021\/08\/ixtlanacc2.jpg\" data-width=\"720\" src=\"https:\/\/i2.wp.com\/codigonayar.com\/wp-content\/uploads\/2021\/08\/ixtlanacc2.jpg?ssl=1\" data-amp-layout=\"responsive\"\/><\/figure><\/div><div class=\"tiled-gallery__col\" style=\"flex-basis:33.33333%\"><figure class=\"tiled-gallery__item\"><img decoding=\"async\" srcset=\"https:\/\/i2.wp.com\/codigonayar.com\/wp-content\/uploads\/2021\/08\/ixtlanacc3.jpg?strip=info&#038;w=600&#038;ssl=1 600w,https:\/\/i2.wp.com\/codigonayar.com\/wp-content\/uploads\/2021\/08\/ixtlanacc3.jpg?strip=info&#038;w=720&#038;ssl=1 720w\" alt=\"\" data-height=\"960\" data-id=\"4544\" data-link=\"https:\/\/codigonayar.com\/ixtlanacc3\/\" data-url=\"https:\/\/codigonayar.com\/wp-content\/uploads\/2021\/08\/ixtlanacc3.jpg\" data-width=\"720\" src=\"https:\/\/i2.wp.com\/codigonayar.com\/wp-content\/uploads\/2021\/08\/ixtlanacc3.jpg?ssl=1\" data-amp-layout=\"responsive\"\/><\/figure><\/div><\/div><\/div><\/div>\n","protected":false},"excerpt":{"rendered":"<p>Por la autopista altura de Ixtl\u00e1n del R\u00edo Redacci\u00f3n CN-1 Se reporta a la l\u00ednea de emergencias 911, un veh\u00edculo incendi\u00e1ndose sobre la autopista<\/p>\n","protected":false},"author":3,"featured_media":4542,"comment_status":"closed","ping_status":"closed","sticky":false,"template":"","format":"standard","meta":{"_jetpack_memberships_contains_paid_content":false,"footnotes":"","jetpack_publicize_message":"RANGER ROVER DEVORADA POR EL FUEGO\n\nRedacci\u00f3n CN-1\n\nSe reporta a la l\u00ednea de emergencias 911, un veh\u00edculo incendi\u00e1ndose sobre la autopista Tepic- Guadalajara, kil\u00f3metro 117","jetpack_publicize_feature_enabled":true,"jetpack_social_post_already_shared":true,"jetpack_social_options":{"image_generator_settings":{"template":"highway","default_image_id":0,"font":"","enabled":false},"version":2}},"categories":[14,4],"tags":[],"class_list":["post-4546","post","type-post","status-publish","format-standard","has-post-thumbnail","hentry","category-codigo-rojo","category-principal"],"jetpack_publicize_connections":[],"jetpack_featured_media_url":"https:\/\/codigonayar.com\/wp-content\/uploads\/2021\/08\/ixtlanacc1.jpg","jetpack_sharing_enabled":true,"jetpack_likes_enabled":false,"jetpack_shortlink":"https:\/\/wp.me\/pdgu6N-1bk","_links":{"self":[{"href":"https:\/\/codigonayar.com\/index.php\/wp-json\/wp\/v2\/posts\/4546","targetHints":{"allow":["GET"]}}],"collection":[{"href":"https:\/\/codigonayar.com\/index.php\/wp-json\/wp\/v2\/posts"}],"about":[{"href":"https:\/\/codigonayar.com\/index.php\/wp-json\/wp\/v2\/types\/post"}],"author":[{"embeddable":true,"href":"https:\/\/codigonayar.com\/index.php\/wp-json\/wp\/v2\/users\/3"}],"replies":[{"embeddable":true,"href":"https:\/\/codigonayar.com\/index.php\/wp-json\/wp\/v2\/comments?post=4546"}],"version-history":[{"count":2,"href":"https:\/\/codigonayar.com\/index.php\/wp-json\/wp\/v2\/posts\/4546\/revisions"}],"predecessor-version":[{"id":4548,"href":"https:\/\/codigonayar.com\/index.php\/wp-json\/wp\/v2\/posts\/4546\/revisions\/4548"}],"wp:featuredmedia":[{"embeddable":true,"href":"https:\/\/codigonayar.com\/index.php\/wp-json\/wp\/v2\/media\/4542"}],"wp:attachment":[{"href":"https:\/\/codigonayar.com\/index.php\/wp-json\/wp\/v2\/media?parent=4546"}],"wp:term":[{"taxonomy":"category","embeddable":true,"href":"https:\/\/codigonayar.com\/index.php\/wp-json\/wp\/v2\/categories?post=4546"},{"taxonomy":"post_tag","embeddable":true,"href":"https:\/\/codigonayar.com\/index.php\/wp-json\/wp\/v2\/tags?post=4546"}],"curies":[{"name":"wp","href":"https:\/\/api.w.org\/{rel}","templated":true}]}}