{"id":5041,"date":"2021-08-29T12:42:18","date_gmt":"2021-08-29T18:42:18","guid":{"rendered":"https:\/\/codigonayar.com\/?p=5041"},"modified":"2021-08-29T12:42:21","modified_gmt":"2021-08-29T18:42:21","slug":"cuando-empezo-a-toser-y-murio-frente-a-su-esposa","status":"publish","type":"post","link":"https:\/\/codigonayar.com\/index.php\/2021\/08\/29\/cuando-empezo-a-toser-y-murio-frente-a-su-esposa\/","title":{"rendered":"CUANDO EMPEZ\u00d3 A TOSER Y MURI\u00d3 FRENTE A SU ESPOSA"},"content":{"rendered":"\n<p class=\"has-medium-font-size\">Platicaban en una banqueta de la avenida Los Sauces<\/p>\n\n\n\n<p><strong>Redacci\u00f3n CN-1<\/strong><\/p>\n\n\n\n<p>Los hechos: Por la avenida Los Sauces y Venceremos de la colonia Los Sauces&nbsp; de esta ciudad, acudieron elementos policiacos quienes se entrevistaron con una persona del sexo femenino de nombre Mar\u00eda de Jes\u00fas \u201cN\u201d de 58 a\u00f1os de edad, quien inform\u00f3 qu\u00e9 momento antes se encontraban en la banqueta de dicha avenida acompa\u00f1ado de su esposo de nombre Rafael \u201cN\u201d de 56 a\u00f1os de edad, cuando de repente empez\u00f3 a toser en varias ocasiones y a expulsar sangre por la boca quedando inconsciente sobre la banqueta.&nbsp;<\/p>\n\n\n\n<p>Posteriormente fue revisado por personal param\u00e9dico quienes informaron que no presentaba ya signos de vida, el cual seg\u00fan su familiar sufr\u00eda de enfisema pulmonar, presumi\u00e9ndose la causa de su muerte por un paro cardio-respiratorio.<\/p>\n","protected":false},"excerpt":{"rendered":"<p>Platicaban en una banqueta de la avenida Los Sauces Redacci\u00f3n CN-1 Los hechos: Por la avenida Los Sauces y Venceremos de la colonia Los<\/p>\n","protected":false},"author":3,"featured_media":5042,"comment_status":"closed","ping_status":"closed","sticky":false,"template":"","format":"standard","meta":{"_jetpack_memberships_contains_paid_content":false,"footnotes":"","jetpack_publicize_message":"CUANDO EMPEZ\u00d3 A TOSER Y MURI\u00d3 FRENTE A SU ESPOSA\n\nCN1\nPlaticaban en una banqueta de la avenida Los Sauces","jetpack_publicize_feature_enabled":true,"jetpack_social_post_already_shared":true,"jetpack_social_options":{"image_generator_settings":{"template":"highway","default_image_id":0,"font":"","enabled":false},"version":2}},"categories":[14],"tags":[],"class_list":["post-5041","post","type-post","status-publish","format-standard","has-post-thumbnail","hentry","category-codigo-rojo"],"jetpack_publicize_connections":[],"jetpack_featured_media_url":"https:\/\/codigonayar.com\/wp-content\/uploads\/2021\/08\/banqueta.jpg","jetpack_sharing_enabled":true,"jetpack_likes_enabled":false,"jetpack_shortlink":"https:\/\/wp.me\/pdgu6N-1jj","_links":{"self":[{"href":"https:\/\/codigonayar.com\/index.php\/wp-json\/wp\/v2\/posts\/5041","targetHints":{"allow":["GET"]}}],"collection":[{"href":"https:\/\/codigonayar.com\/index.php\/wp-json\/wp\/v2\/posts"}],"about":[{"href":"https:\/\/codigonayar.com\/index.php\/wp-json\/wp\/v2\/types\/post"}],"author":[{"embeddable":true,"href":"https:\/\/codigonayar.com\/index.php\/wp-json\/wp\/v2\/users\/3"}],"replies":[{"embeddable":true,"href":"https:\/\/codigonayar.com\/index.php\/wp-json\/wp\/v2\/comments?post=5041"}],"version-history":[{"count":1,"href":"https:\/\/codigonayar.com\/index.php\/wp-json\/wp\/v2\/posts\/5041\/revisions"}],"predecessor-version":[{"id":5043,"href":"https:\/\/codigonayar.com\/index.php\/wp-json\/wp\/v2\/posts\/5041\/revisions\/5043"}],"wp:featuredmedia":[{"embeddable":true,"href":"https:\/\/codigonayar.com\/index.php\/wp-json\/wp\/v2\/media\/5042"}],"wp:attachment":[{"href":"https:\/\/codigonayar.com\/index.php\/wp-json\/wp\/v2\/media?parent=5041"}],"wp:term":[{"taxonomy":"category","embeddable":true,"href":"https:\/\/codigonayar.com\/index.php\/wp-json\/wp\/v2\/categories?post=5041"},{"taxonomy":"post_tag","embeddable":true,"href":"https:\/\/codigonayar.com\/index.php\/wp-json\/wp\/v2\/tags?post=5041"}],"curies":[{"name":"wp","href":"https:\/\/api.w.org\/{rel}","templated":true}]}}