{"id":5593,"date":"2021-09-09T21:48:31","date_gmt":"2021-09-10T03:48:31","guid":{"rendered":"https:\/\/codigonayar.com\/?p=5593"},"modified":"2021-09-09T21:48:32","modified_gmt":"2021-09-10T03:48:32","slug":"por-violacion-equiparada-es-capturado-2","status":"publish","type":"post","link":"https:\/\/codigonayar.com\/index.php\/2021\/09\/09\/por-violacion-equiparada-es-capturado-2\/","title":{"rendered":"POR VIOLACI\u00d3N EQUIPARADA ES CAPTURADO"},"content":{"rendered":"\n<p>Elementos de la Agencia de Investigaci\u00f3n Criminal cumplimentaron una orden de aprehensi\u00f3n en la capital nayarita contra Juan Mart\u00edn \u201cN\u201d, por su presuntiva responsabilidad penal en hechos que la ley se\u00f1ala como delito de violaci\u00f3n equiparada, el cual fue cometido en agravio de una persona de sexo femenino de identidad reservada.<\/p>\n\n\n\n<p>El detenido fue puesto a disposici\u00f3n del Juez de Control de Primera Instancia del Sistema Penal Acusatorio y Oral, con sede en el municipio donde fue aprehendido, para dar continuidad a los tr\u00e1mites de ley que habr\u00e1n de establecer su condici\u00f3n jur\u00eddica.<\/p>\n","protected":false},"excerpt":{"rendered":"<p>Elementos de la Agencia de Investigaci\u00f3n Criminal cumplimentaron una orden de aprehensi\u00f3n en la capital nayarita contra Juan Mart\u00edn \u201cN\u201d, por su presuntiva responsabilidad<\/p>\n","protected":false},"author":3,"featured_media":5594,"comment_status":"closed","ping_status":"closed","sticky":false,"template":"","format":"standard","meta":{"_jetpack_memberships_contains_paid_content":false,"footnotes":"","jetpack_publicize_message":"","jetpack_publicize_feature_enabled":true,"jetpack_social_post_already_shared":true,"jetpack_social_options":{"image_generator_settings":{"template":"highway","default_image_id":0,"font":"","enabled":false},"version":2}},"categories":[14],"tags":[],"class_list":["post-5593","post","type-post","status-publish","format-standard","has-post-thumbnail","hentry","category-codigo-rojo"],"jetpack_publicize_connections":[],"jetpack_featured_media_url":"https:\/\/codigonayar.com\/wp-content\/uploads\/2021\/09\/2JUAN-MARTI.jpg","jetpack_sharing_enabled":true,"jetpack_likes_enabled":false,"jetpack_shortlink":"https:\/\/wp.me\/pdgu6N-1sd","_links":{"self":[{"href":"https:\/\/codigonayar.com\/index.php\/wp-json\/wp\/v2\/posts\/5593","targetHints":{"allow":["GET"]}}],"collection":[{"href":"https:\/\/codigonayar.com\/index.php\/wp-json\/wp\/v2\/posts"}],"about":[{"href":"https:\/\/codigonayar.com\/index.php\/wp-json\/wp\/v2\/types\/post"}],"author":[{"embeddable":true,"href":"https:\/\/codigonayar.com\/index.php\/wp-json\/wp\/v2\/users\/3"}],"replies":[{"embeddable":true,"href":"https:\/\/codigonayar.com\/index.php\/wp-json\/wp\/v2\/comments?post=5593"}],"version-history":[{"count":1,"href":"https:\/\/codigonayar.com\/index.php\/wp-json\/wp\/v2\/posts\/5593\/revisions"}],"predecessor-version":[{"id":5595,"href":"https:\/\/codigonayar.com\/index.php\/wp-json\/wp\/v2\/posts\/5593\/revisions\/5595"}],"wp:featuredmedia":[{"embeddable":true,"href":"https:\/\/codigonayar.com\/index.php\/wp-json\/wp\/v2\/media\/5594"}],"wp:attachment":[{"href":"https:\/\/codigonayar.com\/index.php\/wp-json\/wp\/v2\/media?parent=5593"}],"wp:term":[{"taxonomy":"category","embeddable":true,"href":"https:\/\/codigonayar.com\/index.php\/wp-json\/wp\/v2\/categories?post=5593"},{"taxonomy":"post_tag","embeddable":true,"href":"https:\/\/codigonayar.com\/index.php\/wp-json\/wp\/v2\/tags?post=5593"}],"curies":[{"name":"wp","href":"https:\/\/api.w.org\/{rel}","templated":true}]}}