{"id":7112,"date":"2021-11-11T23:05:58","date_gmt":"2021-11-12T06:05:58","guid":{"rendered":"https:\/\/codigonayar.com\/?p=7112"},"modified":"2021-11-11T23:06:12","modified_gmt":"2021-11-12T06:06:12","slug":"en-compostela-fue-aprehendido","status":"publish","type":"post","link":"https:\/\/codigonayar.com\/index.php\/2021\/11\/11\/en-compostela-fue-aprehendido\/","title":{"rendered":"EN COMPOSTELA FUE APREHENDIDO"},"content":{"rendered":"\n<p class=\"has-medium-font-size\">Por el delito de violaci\u00f3n equiparada<\/p>\n\n\n\n<p><strong>JD \/ CN1<\/strong><\/p>\n\n\n\n<p>En el municipio de Compostela, elementos de la Agencia de Investigaci\u00f3n Criminal ejecutaron una orden de aprehensi\u00f3n contra Jos\u00e9 Armando \u201cN\u201d, por su probable responsabilidad penal en hechos que para la ley constituyen el delito de violaci\u00f3n equiparada, cometido en agravio de una menor de edad cuya identidad es reservada.&nbsp;<\/p>\n\n\n\n<p>El imputado fue puesto a disposici\u00f3n del Juez de Control del Centro de Justicia de Ni\u00f1as, Ni\u00f1os y Adolescentes del estado de Nayarit, con sede en la capital nayarita, para dar continuidad a los tr\u00e1mites de ley que habr\u00e1n de establecer su condici\u00f3n jur\u00eddica.<\/p>\n\n\n\n<p><\/p>\n","protected":false},"excerpt":{"rendered":"<p>Por el delito de violaci\u00f3n equiparada JD \/ CN1 En el municipio de Compostela, elementos de la Agencia de Investigaci\u00f3n Criminal ejecutaron una orden<\/p>\n","protected":false},"author":3,"featured_media":7113,"comment_status":"closed","ping_status":"closed","sticky":false,"template":"","format":"standard","meta":{"_jetpack_memberships_contains_paid_content":false,"footnotes":"","jetpack_publicize_message":"","jetpack_publicize_feature_enabled":true,"jetpack_social_post_already_shared":true,"jetpack_social_options":{"image_generator_settings":{"template":"highway","default_image_id":0,"font":"","enabled":false},"version":2}},"categories":[14],"tags":[],"class_list":["post-7112","post","type-post","status-publish","format-standard","has-post-thumbnail","hentry","category-codigo-rojo"],"jetpack_publicize_connections":[],"jetpack_featured_media_url":"https:\/\/codigonayar.com\/wp-content\/uploads\/2021\/11\/JOSE-ARMANDO.jpg","jetpack_sharing_enabled":true,"jetpack_likes_enabled":false,"jetpack_shortlink":"https:\/\/wp.me\/pdgu6N-1QI","_links":{"self":[{"href":"https:\/\/codigonayar.com\/index.php\/wp-json\/wp\/v2\/posts\/7112","targetHints":{"allow":["GET"]}}],"collection":[{"href":"https:\/\/codigonayar.com\/index.php\/wp-json\/wp\/v2\/posts"}],"about":[{"href":"https:\/\/codigonayar.com\/index.php\/wp-json\/wp\/v2\/types\/post"}],"author":[{"embeddable":true,"href":"https:\/\/codigonayar.com\/index.php\/wp-json\/wp\/v2\/users\/3"}],"replies":[{"embeddable":true,"href":"https:\/\/codigonayar.com\/index.php\/wp-json\/wp\/v2\/comments?post=7112"}],"version-history":[{"count":1,"href":"https:\/\/codigonayar.com\/index.php\/wp-json\/wp\/v2\/posts\/7112\/revisions"}],"predecessor-version":[{"id":7114,"href":"https:\/\/codigonayar.com\/index.php\/wp-json\/wp\/v2\/posts\/7112\/revisions\/7114"}],"wp:featuredmedia":[{"embeddable":true,"href":"https:\/\/codigonayar.com\/index.php\/wp-json\/wp\/v2\/media\/7113"}],"wp:attachment":[{"href":"https:\/\/codigonayar.com\/index.php\/wp-json\/wp\/v2\/media?parent=7112"}],"wp:term":[{"taxonomy":"category","embeddable":true,"href":"https:\/\/codigonayar.com\/index.php\/wp-json\/wp\/v2\/categories?post=7112"},{"taxonomy":"post_tag","embeddable":true,"href":"https:\/\/codigonayar.com\/index.php\/wp-json\/wp\/v2\/tags?post=7112"}],"curies":[{"name":"wp","href":"https:\/\/api.w.org\/{rel}","templated":true}]}}