{"id":7130,"date":"2021-11-11T23:13:11","date_gmt":"2021-11-12T06:13:11","guid":{"rendered":"https:\/\/codigonayar.com\/?p=7130"},"modified":"2021-11-11T23:13:14","modified_gmt":"2021-11-12T06:13:14","slug":"se-toparon-taxi-y-motocicleta","status":"publish","type":"post","link":"https:\/\/codigonayar.com\/index.php\/2021\/11\/11\/se-toparon-taxi-y-motocicleta\/","title":{"rendered":"SE TOPARON TAXI Y MOTOCICLETA"},"content":{"rendered":"\n<p class=\"has-medium-font-size\">Por la avenida de la Cultura y Revoluci\u00f3n Social<\/p>\n\n\n\n<p><strong>Jes\u00fas Antonio L\u00f3pez \/ CN1<\/strong><\/p>\n\n\n\n<p>En la ma\u00f1ana del mi\u00e9rcoles del jueves por la avenida de la Cultura y avenida Revoluci\u00f3n Social, se registr\u00f3 un hecho de tr\u00e1nsito donde particip\u00f3 una motocicleta y un taxi de color amarillo, el cual al parecer circulaba por la avenida Revoluci\u00f3n y al llegar al cruce con la avenida de la Cultura choca contra una motocicleta de la marca Italika color negra con rojo, donde su conductor afortunadamente no result\u00f3 lesionado report\u00e1ndose s\u00f3lo da\u00f1os materiales.<\/p>\n\n\n\n<figure class=\"wp-block-gallery columns-2 is-cropped wp-block-gallery-1 is-layout-flex wp-block-gallery-is-layout-flex\"><ul class=\"blocks-gallery-grid\"><li class=\"blocks-gallery-item\"><figure><img loading=\"lazy\" decoding=\"async\" width=\"1024\" height=\"768\" src=\"https:\/\/codigonayar.com\/wp-content\/uploads\/2021\/11\/NOTA-av-cultura-y-rev-social-2-1024x768.jpg\" alt=\"\" data-id=\"7132\" data-full-url=\"https:\/\/codigonayar.com\/wp-content\/uploads\/2021\/11\/NOTA-av-cultura-y-rev-social-2.jpg\" data-link=\"https:\/\/codigonayar.com\/?attachment_id=7132\" class=\"wp-image-7132\" srcset=\"https:\/\/codigonayar.com\/wp-content\/uploads\/2021\/11\/NOTA-av-cultura-y-rev-social-2-1024x768.jpg 1024w, https:\/\/codigonayar.com\/wp-content\/uploads\/2021\/11\/NOTA-av-cultura-y-rev-social-2-300x225.jpg 300w, https:\/\/codigonayar.com\/wp-content\/uploads\/2021\/11\/NOTA-av-cultura-y-rev-social-2-768x576.jpg 768w, https:\/\/codigonayar.com\/wp-content\/uploads\/2021\/11\/NOTA-av-cultura-y-rev-social-2-1536x1152.jpg 1536w, https:\/\/codigonayar.com\/wp-content\/uploads\/2021\/11\/NOTA-av-cultura-y-rev-social-2.jpg 1600w\" sizes=\"auto, (max-width: 1024px) 100vw, 1024px\" \/><\/figure><\/li><li class=\"blocks-gallery-item\"><figure><img loading=\"lazy\" decoding=\"async\" width=\"1024\" height=\"768\" src=\"https:\/\/codigonayar.com\/wp-content\/uploads\/2021\/11\/NOTA-av-cultura-y-rev-social-1-1024x768.jpg\" alt=\"\" data-id=\"7131\" data-full-url=\"https:\/\/codigonayar.com\/wp-content\/uploads\/2021\/11\/NOTA-av-cultura-y-rev-social-1.jpg\" data-link=\"https:\/\/codigonayar.com\/?attachment_id=7131\" class=\"wp-image-7131\" srcset=\"https:\/\/codigonayar.com\/wp-content\/uploads\/2021\/11\/NOTA-av-cultura-y-rev-social-1-1024x768.jpg 1024w, https:\/\/codigonayar.com\/wp-content\/uploads\/2021\/11\/NOTA-av-cultura-y-rev-social-1-300x225.jpg 300w, https:\/\/codigonayar.com\/wp-content\/uploads\/2021\/11\/NOTA-av-cultura-y-rev-social-1-768x576.jpg 768w, https:\/\/codigonayar.com\/wp-content\/uploads\/2021\/11\/NOTA-av-cultura-y-rev-social-1-1536x1152.jpg 1536w, https:\/\/codigonayar.com\/wp-content\/uploads\/2021\/11\/NOTA-av-cultura-y-rev-social-1.jpg 1600w\" sizes=\"auto, (max-width: 1024px) 100vw, 1024px\" \/><\/figure><\/li><\/ul><\/figure>\n","protected":false},"excerpt":{"rendered":"<p>Por la avenida de la Cultura y Revoluci\u00f3n Social Jes\u00fas Antonio L\u00f3pez \/ CN1 En la ma\u00f1ana del mi\u00e9rcoles del jueves por la avenida<\/p>\n","protected":false},"author":3,"featured_media":7133,"comment_status":"closed","ping_status":"closed","sticky":false,"template":"","format":"standard","meta":{"_jetpack_memberships_contains_paid_content":false,"footnotes":"","jetpack_publicize_message":"","jetpack_publicize_feature_enabled":true,"jetpack_social_post_already_shared":true,"jetpack_social_options":{"image_generator_settings":{"template":"highway","default_image_id":0,"font":"","enabled":false},"version":2}},"categories":[14,4],"tags":[],"class_list":["post-7130","post","type-post","status-publish","format-standard","has-post-thumbnail","hentry","category-codigo-rojo","category-principal"],"jetpack_publicize_connections":[],"jetpack_featured_media_url":"https:\/\/codigonayar.com\/wp-content\/uploads\/2021\/11\/NOTA-av-cultura-y-rev-social-4.jpg","jetpack_sharing_enabled":true,"jetpack_likes_enabled":false,"jetpack_shortlink":"https:\/\/wp.me\/pdgu6N-1R0","_links":{"self":[{"href":"https:\/\/codigonayar.com\/index.php\/wp-json\/wp\/v2\/posts\/7130","targetHints":{"allow":["GET"]}}],"collection":[{"href":"https:\/\/codigonayar.com\/index.php\/wp-json\/wp\/v2\/posts"}],"about":[{"href":"https:\/\/codigonayar.com\/index.php\/wp-json\/wp\/v2\/types\/post"}],"author":[{"embeddable":true,"href":"https:\/\/codigonayar.com\/index.php\/wp-json\/wp\/v2\/users\/3"}],"replies":[{"embeddable":true,"href":"https:\/\/codigonayar.com\/index.php\/wp-json\/wp\/v2\/comments?post=7130"}],"version-history":[{"count":1,"href":"https:\/\/codigonayar.com\/index.php\/wp-json\/wp\/v2\/posts\/7130\/revisions"}],"predecessor-version":[{"id":7134,"href":"https:\/\/codigonayar.com\/index.php\/wp-json\/wp\/v2\/posts\/7130\/revisions\/7134"}],"wp:featuredmedia":[{"embeddable":true,"href":"https:\/\/codigonayar.com\/index.php\/wp-json\/wp\/v2\/media\/7133"}],"wp:attachment":[{"href":"https:\/\/codigonayar.com\/index.php\/wp-json\/wp\/v2\/media?parent=7130"}],"wp:term":[{"taxonomy":"category","embeddable":true,"href":"https:\/\/codigonayar.com\/index.php\/wp-json\/wp\/v2\/categories?post=7130"},{"taxonomy":"post_tag","embeddable":true,"href":"https:\/\/codigonayar.com\/index.php\/wp-json\/wp\/v2\/tags?post=7130"}],"curies":[{"name":"wp","href":"https:\/\/api.w.org\/{rel}","templated":true}]}}